{"id":1084,"date":"2025-03-18T20:25:56","date_gmt":"2025-03-18T20:25:56","guid":{"rendered":"https:\/\/diocesiscartago.org\/?p=1084"},"modified":"2025-06-21T19:05:54","modified_gmt":"2025-06-21T19:05:54","slug":"la-voz-del-pastor-16-de-marzo-de-2025","status":"publish","type":"post","link":"https:\/\/diocesiscartago.org\/?p=1084","title":{"rendered":"La voz del Pastor"},"content":{"rendered":"<p><span style=\"font-size: 18pt;\"><strong>Lecturas de la Misa dominical y mensaje del se\u00f1or Obispo de la Di\u00f3cesis, monse\u00f1or C\u00e9sar Alcides Balb\u00edn Tamayo<\/strong><\/span><\/p>\n<blockquote class=\"wp-embedded-content\" data-secret=\"fsgu39d7Rm\"><p><a href=\"https:\/\/diocesiscartago.org\/?page_id=91\">La voz del pastor 22 de junio de 2025<\/a><\/p><\/blockquote>\n<p><iframe loading=\"lazy\" class=\"wp-embedded-content\" sandbox=\"allow-scripts\" security=\"restricted\" style=\"position: absolute; visibility: hidden;\" title=\"\u00abLa voz del pastor 22 de junio de 2025\u00bb \u2014 Di\u00f3cesis de Cartago\" src=\"https:\/\/diocesiscartago.org\/?page_id=91&#038;embed=true#?secret=gfxUICVMCS#?secret=fsgu39d7Rm\" data-secret=\"fsgu39d7Rm\" width=\"500\" height=\"282\" frameborder=\"0\" marginwidth=\"0\" marginheight=\"0\" scrolling=\"no\"><\/iframe><\/p>\n<p>Mensaje de nuestro Obispo, monse\u00f1or C\u00e9sar Alcides Balb\u00edn Tamayo<\/p>\n","protected":false},"excerpt":{"rendered":"<p>Lecturas de la Misa dominical y mensaje del se\u00f1or Obispo de la Di\u00f3cesis, monse\u00f1or C\u00e9sar Alcides Balb\u00edn Tamayo La voz del pastor 22 de junio de 2025 Mensaje de nuestro&hellip;<\/p>\n","protected":false},"author":2,"featured_media":217,"comment_status":"closed","ping_status":"open","sticky":false,"template":"","format":"standard","meta":{"footnotes":""},"categories":[1,3],"tags":[],"class_list":["post-1084","post","type-post","status-publish","format-standard","has-post-thumbnail","hentry","category-sin-categoria","category-slide-principal"],"_links":{"self":[{"href":"https:\/\/diocesiscartago.org\/index.php?rest_route=\/wp\/v2\/posts\/1084","targetHints":{"allow":["GET"]}}],"collection":[{"href":"https:\/\/diocesiscartago.org\/index.php?rest_route=\/wp\/v2\/posts"}],"about":[{"href":"https:\/\/diocesiscartago.org\/index.php?rest_route=\/wp\/v2\/types\/post"}],"author":[{"embeddable":true,"href":"https:\/\/diocesiscartago.org\/index.php?rest_route=\/wp\/v2\/users\/2"}],"replies":[{"embeddable":true,"href":"https:\/\/diocesiscartago.org\/index.php?rest_route=%2Fwp%2Fv2%2Fcomments&post=1084"}],"version-history":[{"count":3,"href":"https:\/\/diocesiscartago.org\/index.php?rest_route=\/wp\/v2\/posts\/1084\/revisions"}],"predecessor-version":[{"id":1148,"href":"https:\/\/diocesiscartago.org\/index.php?rest_route=\/wp\/v2\/posts\/1084\/revisions\/1148"}],"wp:featuredmedia":[{"embeddable":true,"href":"https:\/\/diocesiscartago.org\/index.php?rest_route=\/wp\/v2\/media\/217"}],"wp:attachment":[{"href":"https:\/\/diocesiscartago.org\/index.php?rest_route=%2Fwp%2Fv2%2Fmedia&parent=1084"}],"wp:term":[{"taxonomy":"category","embeddable":true,"href":"https:\/\/diocesiscartago.org\/index.php?rest_route=%2Fwp%2Fv2%2Fcategories&post=1084"},{"taxonomy":"post_tag","embeddable":true,"href":"https:\/\/diocesiscartago.org\/index.php?rest_route=%2Fwp%2Fv2%2Ftags&post=1084"}],"curies":[{"name":"wp","href":"https:\/\/api.w.org\/{rel}","templated":true}]}}