{"id":1599,"date":"2026-09-02T14:33:17","date_gmt":"2026-09-02T14:33:17","guid":{"rendered":"https:\/\/diocesiscartago.org\/?p=1599"},"modified":"2026-09-02T14:34:30","modified_gmt":"2026-09-02T14:34:30","slug":"donde-la-tierra-temblo-la-fe-se-levanta","status":"publish","type":"post","link":"https:\/\/diocesiscartago.org\/?p=1599","title":{"rendered":"DONDE LA TIERRA TEMBL\u00d3 LA FE SE LEVANTA"},"content":{"rendered":"<p>Terremoto 10 de agosto de 2026<\/p>\n<p>Hay experiencias que se cuentan solas, como esta del pasado 10 de agosto de 2026, cuando un movimiento tel\u00farico de magnitud 7,4 transform\u00f3 el paisaje de fe de nuestra regi\u00f3n. Es un acontecimiento in\u00e9dito, jam\u00e1s vivido, en la historia de la regi\u00f3n y de todos sus habitantes, que nunca hab\u00edamos sentido la furia de la naturaleza como en aquella tranquila ma\u00f1ana de lunes, cuando apenas nos aprest\u00e1bamos a dar comienzo a nuestra cotidianidad. Esta experiencia quedar\u00e1 prendida en la memoria de todos nosotros.<\/p>\n<p><span style=\"font-size: 18pt;\"><strong>Descarga la revista con las principales afectaciones en las parroquias, causadas por el terremoto<\/strong><\/span><\/p>\n<p><a href=\"https:\/\/acrobat.adobe.com\/id\/urn:aaid:sc:VA6C2:f034c13d-8282-45b4-ae01-3f18516809ec\">https:\/\/acrobat.adobe.com\/id\/urn:aaid:sc:VA6C2:f034c13d-8282-45b4-ae01-3f18516809ec<\/a><\/p>\n","protected":false},"excerpt":{"rendered":"<p>Terremoto 10 de agosto de 2026 Hay experiencias que se cuentan solas, como esta del pasado 10 de agosto de 2026, cuando un movimiento tel\u00farico de magnitud 7,4 transform\u00f3 el&hellip;<\/p>\n","protected":false},"author":2,"featured_media":1605,"comment_status":"closed","ping_status":"open","sticky":false,"template":"","format":"standard","meta":{"footnotes":""},"categories":[1,3],"tags":[],"class_list":["post-1599","post","type-post","status-publish","format-standard","has-post-thumbnail","hentry","category-sin-categoria","category-slide-principal"],"_links":{"self":[{"href":"https:\/\/diocesiscartago.org\/index.php?rest_route=\/wp\/v2\/posts\/1599","targetHints":{"allow":["GET"]}}],"collection":[{"href":"https:\/\/diocesiscartago.org\/index.php?rest_route=\/wp\/v2\/posts"}],"about":[{"href":"https:\/\/diocesiscartago.org\/index.php?rest_route=\/wp\/v2\/types\/post"}],"author":[{"embeddable":true,"href":"https:\/\/diocesiscartago.org\/index.php?rest_route=\/wp\/v2\/users\/2"}],"replies":[{"embeddable":true,"href":"https:\/\/diocesiscartago.org\/index.php?rest_route=%2Fwp%2Fv2%2Fcomments&post=1599"}],"version-history":[{"count":1,"href":"https:\/\/diocesiscartago.org\/index.php?rest_route=\/wp\/v2\/posts\/1599\/revisions"}],"predecessor-version":[{"id":1604,"href":"https:\/\/diocesiscartago.org\/index.php?rest_route=\/wp\/v2\/posts\/1599\/revisions\/1604"}],"wp:featuredmedia":[{"embeddable":true,"href":"https:\/\/diocesiscartago.org\/index.php?rest_route=\/wp\/v2\/media\/1605"}],"wp:attachment":[{"href":"https:\/\/diocesiscartago.org\/index.php?rest_route=%2Fwp%2Fv2%2Fmedia&parent=1599"}],"wp:term":[{"taxonomy":"category","embeddable":true,"href":"https:\/\/diocesiscartago.org\/index.php?rest_route=%2Fwp%2Fv2%2Fcategories&post=1599"},{"taxonomy":"post_tag","embeddable":true,"href":"https:\/\/diocesiscartago.org\/index.php?rest_route=%2Fwp%2Fv2%2Ftags&post=1599"}],"curies":[{"name":"wp","href":"https:\/\/api.w.org\/{rel}","templated":true}]}}