{"id":996,"date":"2026-02-02T12:13:06","date_gmt":"2026-02-02T12:13:06","guid":{"rendered":"https:\/\/diocesiscartago.org\/?p=996"},"modified":"2026-02-02T17:14:31","modified_gmt":"2026-02-02T17:14:31","slug":"ano-jubilar-diocesis-de-cartago","status":"publish","type":"post","link":"https:\/\/diocesiscartago.org\/?p=996","title":{"rendered":"A\u00f1o de la Catequesis Di\u00f3cesis de Cartago"},"content":{"rendered":"<p style=\"text-align: center;\">Con profunda gratitud por el camino recorrido en el <strong data-start=\"52\" data-end=\"99\">A\u00f1o Santo Jubilar \u201cPeregrinos de Esperanza\u201d<\/strong>, y en comuni\u00f3n con el llamado a la <strong data-start=\"135\" data-end=\"150\">sinodalidad<\/strong> que nos impulsa a caminar juntos como Iglesia, nuestra <strong data-start=\"206\" data-end=\"229\">Di\u00f3cesis de Cartago<\/strong> inicia con gran alegr\u00eda y renovado fervor el <strong data-start=\"275\" data-end=\"304\">A\u00f1o de la Catequesis 2026<\/strong>.<\/p>\n<p>&nbsp;<\/p>\n<p data-start=\"349\" data-end=\"713\">Bajo la gu\u00eda de nuestro Obispo, <strong data-start=\"381\" data-end=\"422\"><span class=\"hover:entity-accent entity-underline inline cursor-pointer align-baseline\"><span class=\"whitespace-normal\">Monse\u00f1or C\u00e9sar Alcides Balb\u00edn Tamayo<\/span><\/span><\/strong>, el clero y todas las comunidades parroquiales, durante todo el a\u00f1o 2026 fortaleceremos la fe del Pueblo de Dios a trav\u00e9s de la ense\u00f1anza org\u00e1nica y viva contenida en el <strong data-start=\"593\" data-end=\"634\"><span class=\"hover:entity-accent entity-underline inline cursor-pointer align-baseline\"><span class=\"whitespace-normal\">Catecismo de la Iglesia Cat\u00f3lica<\/span><\/span><\/strong>, s\u00edntesis segura de la doctrina, la moral, la liturgia y la oraci\u00f3n cristiana.<\/p>\n<p data-start=\"715\" data-end=\"933\">Este A\u00f1o de la Catequesis no es solo un programa pastoral, sino una <strong data-start=\"783\" data-end=\"820\">renovaci\u00f3n espiritual y misionera<\/strong>:<br data-start=\"821\" data-end=\"824\" \/>es una invitaci\u00f3n a redescubrir lo que creemos, celebrar lo que vivimos y anunciar con valent\u00eda a Jesucristo.<\/p>\n<p data-start=\"935\" data-end=\"1144\">De manera especial, es un llamado a reavivar el compromiso misionero que todos asumimos el d\u00eda de nuestra Confirmaci\u00f3n: ser testigos firmes del Evangelio en nuestras familias, comunidades y ambientes sociales.<\/p>\n<p data-start=\"1146\" data-end=\"1238\">Que el Esp\u00edritu Santo nos impulse a vivir una fe m\u00e1s formada, m\u00e1s celebrada y m\u00e1s anunciada.<\/p>\n<p data-start=\"1240\" data-end=\"1338\" data-is-last-node=\"\" data-is-only-node=\"\">#diocesisdecartago #di\u00f3cesisdecartago #a\u00f1odelacatequesis #conociendonuestradiocesis #oremosdigital<\/p>\n<p><img  title=\"\" loading=\"lazy\" decoding=\"async\" class=\"alignnone size-full wp-image-1470\" src=\"https:\/\/diocesiscartago.org\/wp-content\/uploads\/2024\/12\/Copia-de-63-3.png\"  alt=\"Copia-de-63-3 A\u00f1o de la Catequesis Di\u00f3cesis de Cartago\"  width=\"1080\" height=\"1080\" srcset=\"https:\/\/diocesiscartago.org\/wp-content\/uploads\/2024\/12\/Copia-de-63-3.png 1080w, https:\/\/diocesiscartago.org\/wp-content\/uploads\/2024\/12\/Copia-de-63-3-300x300.png 300w, https:\/\/diocesiscartago.org\/wp-content\/uploads\/2024\/12\/Copia-de-63-3-1024x1024.png 1024w, https:\/\/diocesiscartago.org\/wp-content\/uploads\/2024\/12\/Copia-de-63-3-150x150.png 150w, https:\/\/diocesiscartago.org\/wp-content\/uploads\/2024\/12\/Copia-de-63-3-768x768.png 768w\" sizes=\"auto, (max-width: 1080px) 100vw, 1080px\" \/><\/p>\n","protected":false},"excerpt":{"rendered":"<p>Con profunda gratitud por el camino recorrido en el A\u00f1o Santo Jubilar \u201cPeregrinos de Esperanza\u201d, y en comuni\u00f3n con el llamado a la sinodalidad que nos impulsa a caminar juntos&hellip;<\/p>\n","protected":false},"author":2,"featured_media":1466,"comment_status":"closed","ping_status":"open","sticky":false,"template":"","format":"standard","meta":{"footnotes":""},"categories":[1,3],"tags":[],"class_list":["post-996","post","type-post","status-publish","format-standard","has-post-thumbnail","hentry","category-sin-categoria","category-slide-principal"],"_links":{"self":[{"href":"https:\/\/diocesiscartago.org\/index.php?rest_route=\/wp\/v2\/posts\/996","targetHints":{"allow":["GET"]}}],"collection":[{"href":"https:\/\/diocesiscartago.org\/index.php?rest_route=\/wp\/v2\/posts"}],"about":[{"href":"https:\/\/diocesiscartago.org\/index.php?rest_route=\/wp\/v2\/types\/post"}],"author":[{"embeddable":true,"href":"https:\/\/diocesiscartago.org\/index.php?rest_route=\/wp\/v2\/users\/2"}],"replies":[{"embeddable":true,"href":"https:\/\/diocesiscartago.org\/index.php?rest_route=%2Fwp%2Fv2%2Fcomments&post=996"}],"version-history":[{"count":8,"href":"https:\/\/diocesiscartago.org\/index.php?rest_route=\/wp\/v2\/posts\/996\/revisions"}],"predecessor-version":[{"id":1471,"href":"https:\/\/diocesiscartago.org\/index.php?rest_route=\/wp\/v2\/posts\/996\/revisions\/1471"}],"wp:featuredmedia":[{"embeddable":true,"href":"https:\/\/diocesiscartago.org\/index.php?rest_route=\/wp\/v2\/media\/1466"}],"wp:attachment":[{"href":"https:\/\/diocesiscartago.org\/index.php?rest_route=%2Fwp%2Fv2%2Fmedia&parent=996"}],"wp:term":[{"taxonomy":"category","embeddable":true,"href":"https:\/\/diocesiscartago.org\/index.php?rest_route=%2Fwp%2Fv2%2Fcategories&post=996"},{"taxonomy":"post_tag","embeddable":true,"href":"https:\/\/diocesiscartago.org\/index.php?rest_route=%2Fwp%2Fv2%2Ftags&post=996"}],"curies":[{"name":"wp","href":"https:\/\/api.w.org\/{rel}","templated":true}]}}